{"id":8721,"date":"2022-03-24T15:12:12","date_gmt":"2022-03-24T15:12:12","guid":{"rendered":"https:\/\/eoly-energy.com\/de-inwoners-van-lessines-silly-en-ath-worden-uitgenodigd-om-te-investeren-in-lokale-groene-energie\/"},"modified":"2022-03-24T16:58:13","modified_gmt":"2022-03-24T16:58:13","slug":"de-inwoners-van-lessines-silly-en-ath-worden-uitgenodigd-om-te-investeren-in-lokale-groene-energie","status":"publish","type":"post","link":"https:\/\/eoly-energy.com\/nl\/de-inwoners-van-lessines-silly-en-ath-worden-uitgenodigd-om-te-investeren-in-lokale-groene-energie\/","title":{"rendered":"De inwoners van Lessen, Silly en At worden uitgenodigd om te investeren in lokale groene energie"},"content":{"rendered":"\t\t<div data-elementor-type=\"wp-post\" data-elementor-id=\"8721\" class=\"elementor elementor-8721 elementor-8620\" data-elementor-post-type=\"post\">\n\t\t\t\t\t\t<section class=\"elementor-section elementor-top-section elementor-element elementor-element-221f45d elementor-section-boxed elementor-section-height-default elementor-section-height-default\" data-id=\"221f45d\" data-element_type=\"section\" data-e-type=\"section\">\n\t\t\t\t\t\t<div class=\"elementor-container elementor-column-gap-default\">\n\t\t\t\t\t<div class=\"elementor-column elementor-col-100 elementor-top-column elementor-element elementor-element-d5157fd\" data-id=\"d5157fd\" data-element_type=\"column\" data-e-type=\"column\">\n\t\t\t<div class=\"elementor-widget-wrap elementor-element-populated\">\n\t\t\t\t\t\t<div class=\"elementor-element elementor-element-1c865de elementor-widget elementor-widget-text-editor\" data-id=\"1c865de\" data-element_type=\"widget\" data-e-type=\"widget\" data-widget_type=\"text-editor.default\">\n\t\t\t\t<div class=\"elementor-widget-container\">\n\t\t\t\t\t\t\t\t\t<p>De werkzaamheden voor het nieuwe windmolenpark van Eoly Energy in Lessines-Silly (5 windturbines) zijn begonnen.<br \/>\nEoly Cooperatie wordt eigenaar van \u00e9\u00e9n van de turbines en zal vanaf 1 april een kapitaalsophaling organiseren. Zoals gebruikelijk biedt Eoly Cooperatie buurtbewoners voorrang bij inschrijving gedurende (1) maand. Voor dit windmolenpark betekent dat de bewoners van Lessen, Silly &amp; At. Vanaf 1 mei zal de kapitaalophaling openstaan voor het grote publiek.<\/p>\n<p>Er zullen informatievergaderingen worden georganiseerd om de details van deze deelneming toe te lichten. De vorige deelname heeft veel mensen overtuigd.<\/p>\n\t\t\t\t\t\t\t\t<\/div>\n\t\t\t\t<\/div>\n\t\t\t\t\t<\/div>\n\t\t<\/div>\n\t\t\t\t\t<\/div>\n\t\t<\/section>\n\t\t\t\t<section class=\"elementor-section elementor-top-section elementor-element elementor-element-b3f04c3 elementor-section-boxed elementor-section-height-default elementor-section-height-default\" data-id=\"b3f04c3\" data-element_type=\"section\" data-e-type=\"section\">\n\t\t\t\t\t\t<div class=\"elementor-container elementor-column-gap-default\">\n\t\t\t\t\t<div class=\"elementor-column elementor-col-100 elementor-top-column elementor-element elementor-element-0c88e39\" data-id=\"0c88e39\" data-element_type=\"column\" data-e-type=\"column\">\n\t\t\t<div class=\"elementor-widget-wrap elementor-element-populated\">\n\t\t\t\t\t\t<div class=\"elementor-element elementor-element-780b90d elementor-widget elementor-widget-text-editor\" data-id=\"780b90d\" data-element_type=\"widget\" data-e-type=\"widget\" data-widget_type=\"text-editor.default\">\n\t\t\t\t<div class=\"elementor-widget-container\">\n\t\t\t\t\t\t\t\t\t<p>Het is niet de eerste keer dat Eoly Cooperatie kapitaal aantrekt. In 2017 hebben ongeveer 1 200 co\u00f6peranten ge\u00efnvesteerd in een windturbine in Halle en in 2020 hebben meer dan 1 100 nieuwe co\u00f6peranten zich aansluiten bij het project in Rebaix. Op die manier nemen zij deel aan de energietransitie van morgen. \u202fIn ruil daarvoor hebben zij medezeggenschap in de jaarlijkse algemene vergadering en delen zij in de winst van de windturbines.<\/p>\n\t\t\t\t\t\t\t\t<\/div>\n\t\t\t\t<\/div>\n\t\t\t\t\t<\/div>\n\t\t<\/div>\n\t\t\t\t\t<\/div>\n\t\t<\/section>\n\t\t\t\t<section class=\"elementor-section elementor-top-section elementor-element elementor-element-3632711 elementor-section-boxed elementor-section-height-default elementor-section-height-default\" data-id=\"3632711\" data-element_type=\"section\" data-e-type=\"section\">\n\t\t\t\t\t\t<div class=\"elementor-container elementor-column-gap-default\">\n\t\t\t\t\t<div class=\"elementor-column elementor-col-100 elementor-top-column elementor-element elementor-element-a403676\" data-id=\"a403676\" data-element_type=\"column\" data-e-type=\"column\">\n\t\t\t<div class=\"elementor-widget-wrap elementor-element-populated\">\n\t\t\t\t\t\t<div class=\"elementor-element elementor-element-8279b01 elementor-widget elementor-widget-image\" data-id=\"8279b01\" data-element_type=\"widget\" data-e-type=\"widget\" data-widget_type=\"image.default\">\n\t\t\t\t<div class=\"elementor-widget-container\">\n\t\t\t\t\t\t\t\t\t\t\t\t\t\t\t<img fetchpriority=\"high\" decoding=\"async\" width=\"1024\" height=\"667\" src=\"https:\/\/eoly-energy.com\/wp-content\/uploads\/2022\/03\/Assembly_eoly_cooperation-1024x667.png\" class=\"attachment-large size-large wp-image-8627\" alt=\"\" srcset=\"https:\/\/eoly-energy.com\/wp-content\/uploads\/2022\/03\/Assembly_eoly_cooperation-1024x667.png 1024w, https:\/\/eoly-energy.com\/wp-content\/uploads\/2022\/03\/Assembly_eoly_cooperation-300x195.png 300w, https:\/\/eoly-energy.com\/wp-content\/uploads\/2022\/03\/Assembly_eoly_cooperation-768x500.png 768w, https:\/\/eoly-energy.com\/wp-content\/uploads\/2022\/03\/Assembly_eoly_cooperation.png 1055w\" sizes=\"(max-width: 709px) 85vw, (max-width: 909px) 67vw, (max-width: 1362px) 62vw, 840px\" \/>\t\t\t\t\t\t\t\t\t\t\t\t\t\t\t<\/div>\n\t\t\t\t<\/div>\n\t\t\t\t<div class=\"elementor-element elementor-element-44b331a elementor-widget elementor-widget-text-editor\" data-id=\"44b331a\" data-element_type=\"widget\" data-e-type=\"widget\" data-widget_type=\"text-editor.default\">\n\t\t\t\t<div class=\"elementor-widget-container\">\n\t\t\t\t\t\t\t\t\t<p>Informatiebijeenkomsten voor omwonenden<br \/>\nOm alle belangstellenden te informeren zal er op 1 april 2022 vanaf 17.30 uur in Hotel Horizon in Ath een persoonlijke informatievergadering worden gehouden.<\/p>\n<p>Op 4 april zal een digitale sessie worden georganiseerd. Het doel is om het concept en de voordelen van de samenwerking en de bijzonderheden van dit project en deze kapitaalophaling toe te lichten.<\/p>\n<p>Interesse? Schrijf u in v\u00f3\u00f3r 27 maart 2022 op https:\/\/eoly-energy.com\/fr\/lessines-silly\/ of telefonisch op 02 388 01 20, om uw aanwezigheid te bevestigen of om de link naar de digitale sessie te ontvangen.<\/p>\n\t\t\t\t\t\t\t\t<\/div>\n\t\t\t\t<\/div>\n\t\t\t\t\t<\/div>\n\t\t<\/div>\n\t\t\t\t\t<\/div>\n\t\t<\/section>\n\t\t\t\t<section class=\"elementor-section elementor-top-section elementor-element elementor-element-f6f741a elementor-section-boxed elementor-section-height-default elementor-section-height-default\" data-id=\"f6f741a\" data-element_type=\"section\" data-e-type=\"section\">\n\t\t\t\t\t\t<div class=\"elementor-container elementor-column-gap-default\">\n\t\t\t\t\t<div class=\"elementor-column elementor-col-100 elementor-top-column elementor-element elementor-element-0e173a5\" data-id=\"0e173a5\" data-element_type=\"column\" data-e-type=\"column\">\n\t\t\t<div class=\"elementor-widget-wrap elementor-element-populated\">\n\t\t\t\t\t\t<div class=\"elementor-element elementor-element-6345ee2 elementor-widget elementor-widget-text-editor\" data-id=\"6345ee2\" data-element_type=\"widget\" data-e-type=\"widget\" data-widget_type=\"text-editor.default\">\n\t\t\t\t<div class=\"elementor-widget-container\">\n\t\t\t\t\t\t\t\t\t<p>Over het project van Ollignies<\/p>\n<p>De eerste windturbine is operationeel sinds december 2016. Het bevoorraadt rechtstreeks het distributiecentrum van de Groep Colruyt. Met de overige 5 windturbines in aanbouw zullen wij ongeveer 20.000 MWh meer per jaar produceren.<\/p>\n\t\t\t\t\t\t\t\t<\/div>\n\t\t\t\t<\/div>\n\t\t\t\t\t<\/div>\n\t\t<\/div>\n\t\t\t\t\t<\/div>\n\t\t<\/section>\n\t\t\t\t<section class=\"elementor-section elementor-top-section elementor-element elementor-element-07a6fc7 elementor-section-boxed elementor-section-height-default elementor-section-height-default\" data-id=\"07a6fc7\" data-element_type=\"section\" data-e-type=\"section\">\n\t\t\t\t\t\t<div class=\"elementor-container elementor-column-gap-default\">\n\t\t\t\t\t<div class=\"elementor-column elementor-col-100 elementor-top-column elementor-element elementor-element-c1fe476\" data-id=\"c1fe476\" data-element_type=\"column\" data-e-type=\"column\">\n\t\t\t<div class=\"elementor-widget-wrap elementor-element-populated\">\n\t\t\t\t\t\t<div class=\"elementor-element elementor-element-b49367d elementor-widget elementor-widget-text-editor\" data-id=\"b49367d\" data-element_type=\"widget\" data-e-type=\"widget\" data-widget_type=\"text-editor.default\">\n\t\t\t\t<div class=\"elementor-widget-container\">\n\t\t\t\t\t\t\t\t\t<p>Over Eoly Co\u00f6peratie<br \/>\nEoly Co\u00f6peratie is opgericht in 2016. Eoly Co\u00f6peratie werkt nauw samen met Eoly Energy bij de bouw en de exploitatie van de windturbines en investeert zo samen in windenergieprojecten in Belgi\u00eb. Omwonenden worden in de eerste plaats uitgenodigd om mee te werken. Het gaat hier niet om een financieel model, maar om een directe deelname aan de projecten.<\/p>\n<p>Over Eoly Energy<br \/>\nEoly Energy is een producent van hernieuwbare energie. Wij investeren al sinds 1999 in windenergieprojecten op het vasteland. De eerste projecten werden gerealiseerd binnen de Groep Colruyt. Wij zijn ervan overtuigd dat het niet alleen belangrijk is te investeren in duurzame productiecapaciteit, maar ook in manieren om zoveel mogelijk duurzame energie in het energiesysteem te houden. Daarom heeft Eoly Energy sinds 2010 expertise ontwikkeld in waterstoftechnologie. Wij zijn ervan overtuigd dat wij binnen een generatie al onze energie uit hernieuwbare bronnen zullen kunnen halen.<\/p>\n\t\t\t\t\t\t\t\t<\/div>\n\t\t\t\t<\/div>\n\t\t\t\t\t<\/div>\n\t\t<\/div>\n\t\t\t\t\t<\/div>\n\t\t<\/section>\n\t\t\t\t<section class=\"elementor-section elementor-top-section elementor-element elementor-element-739465f elementor-section-boxed elementor-section-height-default elementor-section-height-default\" data-id=\"739465f\" data-element_type=\"section\" data-e-type=\"section\">\n\t\t\t\t\t\t<div class=\"elementor-container elementor-column-gap-default\">\n\t\t\t\t\t<div class=\"elementor-column elementor-col-66 elementor-top-column elementor-element elementor-element-06c4cf3\" data-id=\"06c4cf3\" data-element_type=\"column\" data-e-type=\"column\">\n\t\t\t<div class=\"elementor-widget-wrap elementor-element-populated\">\n\t\t\t\t\t\t<div class=\"elementor-element elementor-element-2a5eb52 elementor-widget elementor-widget-image\" data-id=\"2a5eb52\" data-element_type=\"widget\" data-e-type=\"widget\" data-widget_type=\"image.default\">\n\t\t\t\t<div class=\"elementor-widget-container\">\n\t\t\t\t\t\t\t\t\t\t\t\t\t\t\t<img decoding=\"async\" width=\"1024\" height=\"681\" src=\"https:\/\/eoly-energy.com\/wp-content\/uploads\/2022\/03\/Eoly-Coop-1024x681.png\" class=\"attachment-large size-large wp-image-8687\" alt=\"\" srcset=\"https:\/\/eoly-energy.com\/wp-content\/uploads\/2022\/03\/Eoly-Coop-1024x681.png 1024w, https:\/\/eoly-energy.com\/wp-content\/uploads\/2022\/03\/Eoly-Coop-300x199.png 300w, https:\/\/eoly-energy.com\/wp-content\/uploads\/2022\/03\/Eoly-Coop-768x511.png 768w, https:\/\/eoly-energy.com\/wp-content\/uploads\/2022\/03\/Eoly-Coop.png 1053w\" sizes=\"(max-width: 709px) 85vw, (max-width: 909px) 67vw, (max-width: 1362px) 62vw, 840px\" \/>\t\t\t\t\t\t\t\t\t\t\t\t\t\t\t<\/div>\n\t\t\t\t<\/div>\n\t\t\t\t\t<\/div>\n\t\t<\/div>\n\t\t\t\t<div class=\"elementor-column elementor-col-33 elementor-top-column elementor-element elementor-element-eee0473\" data-id=\"eee0473\" data-element_type=\"column\" data-e-type=\"column\">\n\t\t\t<div class=\"elementor-widget-wrap elementor-element-populated\">\n\t\t\t\t\t\t<div class=\"elementor-element elementor-element-67a3097 elementor-widget elementor-widget-text-editor\" data-id=\"67a3097\" data-element_type=\"widget\" data-e-type=\"widget\" data-widget_type=\"text-editor.default\">\n\t\t\t\t<div class=\"elementor-widget-container\">\n\t\t\t\t\t\t\t\t\t<p><strong>Contacts:<\/strong><\/p>\n<p>Stefaan Verhamme<\/p>\n<p><a href=\"https:\/\/eoly-energy.com\/fr\/stefaan.verhamme@eoly.be\">stefaan.verhamme@eoly-energy.com<\/a><\/p>\n<p>Stephan Windels<\/p>\n<p><a href=\"https:\/\/eoly-energy.com\/fr\/stephan.windels@eoly.be\">stephan.windels@eoly-energy.com<\/a><\/p>\n\t\t\t\t\t\t\t\t<\/div>\n\t\t\t\t<\/div>\n\t\t\t\t\t<\/div>\n\t\t<\/div>\n\t\t\t\t\t<\/div>\n\t\t<\/section>\n\t\t\t\t<\/div>\n\t\t","protected":false},"excerpt":{"rendered":"<p>De bouw van de nieuwe windturbines in Ollignies is in volle gang. Eoly Co\u00f6peratie start de kapitaalophaling en nodigt de inwoners van Ollignies uit om mede-aandeelhouders te worden van \u00e9\u00e9n van de 5 windturbines in Ollignies.<\/p>\n","protected":false},"author":6,"featured_media":8634,"comment_status":"open","ping_status":"open","sticky":false,"template":"","format":"standard","meta":{"_acf_changed":false,"footnotes":""},"categories":[8,1],"tags":[47,9],"class_list":["post-8721","post","type-post","status-publish","format-standard","has-post-thumbnail","hentry","category-blog","category-nieuws","tag-eoly-cooperatie","tag-windenergie"],"acf":[],"yoast_head":"<!-- This site is optimized with the Yoast SEO plugin v27.5 - https:\/\/yoast.com\/product\/yoast-seo-wordpress\/ -->\n<title>De inwoners van Lessen, Silly en At worden uitgenodigd om te investeren in lokale groene energie - Eoly<\/title>\n<meta name=\"robots\" content=\"index, follow, max-snippet:-1, max-image-preview:large, max-video-preview:-1\" \/>\n<link rel=\"canonical\" href=\"https:\/\/eoly-energy.com\/nl\/de-inwoners-van-lessines-silly-en-ath-worden-uitgenodigd-om-te-investeren-in-lokale-groene-energie\/\" \/>\n<meta property=\"og:locale\" content=\"nl_NL\" \/>\n<meta property=\"og:type\" content=\"article\" \/>\n<meta property=\"og:title\" content=\"De inwoners van Lessen, Silly en At worden uitgenodigd om te investeren in lokale groene energie - Eoly\" \/>\n<meta property=\"og:description\" content=\"De bouw van de nieuwe windturbines in Ollignies is in volle gang. Eoly Co\u00f6peratie start de kapitaalophaling en nodigt de inwoners van Ollignies uit om mede-aandeelhouders te worden van \u00e9\u00e9n van de 5 windturbines in Ollignies.\" \/>\n<meta property=\"og:url\" content=\"https:\/\/eoly-energy.com\/nl\/de-inwoners-van-lessines-silly-en-ath-worden-uitgenodigd-om-te-investeren-in-lokale-groene-energie\/\" \/>\n<meta property=\"og:site_name\" content=\"Eoly\" \/>\n<meta property=\"article:published_time\" content=\"2022-03-24T15:12:12+00:00\" \/>\n<meta property=\"article:modified_time\" content=\"2022-03-24T16:58:13+00:00\" \/>\n<meta property=\"og:image\" content=\"https:\/\/eoly-energy.com\/wp-content\/uploads\/2022\/03\/Paper-EolyCoop.png\" \/>\n\t<meta property=\"og:image:width\" content=\"1197\" \/>\n\t<meta property=\"og:image:height\" content=\"693\" \/>\n\t<meta property=\"og:image:type\" content=\"image\/png\" \/>\n<meta name=\"author\" content=\"Pauline\" \/>\n<meta name=\"twitter:card\" content=\"summary_large_image\" \/>\n<meta name=\"twitter:label1\" content=\"Geschreven door\" \/>\n\t<meta name=\"twitter:data1\" content=\"Pauline\" \/>\n\t<meta name=\"twitter:label2\" content=\"Geschatte leestijd\" \/>\n\t<meta name=\"twitter:data2\" content=\"2 minuten\" \/>\n<script type=\"application\/ld+json\" class=\"yoast-schema-graph\">{\"@context\":\"https:\\\/\\\/schema.org\",\"@graph\":[{\"@type\":\"Article\",\"@id\":\"https:\\\/\\\/eoly-energy.com\\\/nl\\\/de-inwoners-van-lessines-silly-en-ath-worden-uitgenodigd-om-te-investeren-in-lokale-groene-energie\\\/#article\",\"isPartOf\":{\"@id\":\"https:\\\/\\\/eoly-energy.com\\\/nl\\\/de-inwoners-van-lessines-silly-en-ath-worden-uitgenodigd-om-te-investeren-in-lokale-groene-energie\\\/\"},\"author\":{\"name\":\"Pauline\",\"@id\":\"https:\\\/\\\/eoly-energy.com\\\/nl\\\/#\\\/schema\\\/person\\\/f5c9f125782515219213282d36d2b7e9\"},\"headline\":\"De inwoners van Lessen, Silly en At worden uitgenodigd om te investeren in lokale groene energie\",\"datePublished\":\"2022-03-24T15:12:12+00:00\",\"dateModified\":\"2022-03-24T16:58:13+00:00\",\"mainEntityOfPage\":{\"@id\":\"https:\\\/\\\/eoly-energy.com\\\/nl\\\/de-inwoners-van-lessines-silly-en-ath-worden-uitgenodigd-om-te-investeren-in-lokale-groene-energie\\\/\"},\"wordCount\":452,\"commentCount\":0,\"publisher\":{\"@id\":\"https:\\\/\\\/eoly-energy.com\\\/nl\\\/#organization\"},\"image\":{\"@id\":\"https:\\\/\\\/eoly-energy.com\\\/nl\\\/de-inwoners-van-lessines-silly-en-ath-worden-uitgenodigd-om-te-investeren-in-lokale-groene-energie\\\/#primaryimage\"},\"thumbnailUrl\":\"https:\\\/\\\/eoly-energy.com\\\/wp-content\\\/uploads\\\/2022\\\/03\\\/Paper-EolyCoop.png\",\"keywords\":[\"Eoly Co\u00f6peratie\",\"Windenergie\"],\"articleSection\":[\"Blog\",\"Nieuws\"],\"inLanguage\":\"nl-NL\",\"potentialAction\":[{\"@type\":\"CommentAction\",\"name\":\"Comment\",\"target\":[\"https:\\\/\\\/eoly-energy.com\\\/nl\\\/de-inwoners-van-lessines-silly-en-ath-worden-uitgenodigd-om-te-investeren-in-lokale-groene-energie\\\/#respond\"]}]},{\"@type\":\"WebPage\",\"@id\":\"https:\\\/\\\/eoly-energy.com\\\/nl\\\/de-inwoners-van-lessines-silly-en-ath-worden-uitgenodigd-om-te-investeren-in-lokale-groene-energie\\\/\",\"url\":\"https:\\\/\\\/eoly-energy.com\\\/nl\\\/de-inwoners-van-lessines-silly-en-ath-worden-uitgenodigd-om-te-investeren-in-lokale-groene-energie\\\/\",\"name\":\"De inwoners van Lessen, Silly en At worden uitgenodigd om te investeren in lokale groene energie - Eoly\",\"isPartOf\":{\"@id\":\"https:\\\/\\\/eoly-energy.com\\\/nl\\\/#website\"},\"primaryImageOfPage\":{\"@id\":\"https:\\\/\\\/eoly-energy.com\\\/nl\\\/de-inwoners-van-lessines-silly-en-ath-worden-uitgenodigd-om-te-investeren-in-lokale-groene-energie\\\/#primaryimage\"},\"image\":{\"@id\":\"https:\\\/\\\/eoly-energy.com\\\/nl\\\/de-inwoners-van-lessines-silly-en-ath-worden-uitgenodigd-om-te-investeren-in-lokale-groene-energie\\\/#primaryimage\"},\"thumbnailUrl\":\"https:\\\/\\\/eoly-energy.com\\\/wp-content\\\/uploads\\\/2022\\\/03\\\/Paper-EolyCoop.png\",\"datePublished\":\"2022-03-24T15:12:12+00:00\",\"dateModified\":\"2022-03-24T16:58:13+00:00\",\"breadcrumb\":{\"@id\":\"https:\\\/\\\/eoly-energy.com\\\/nl\\\/de-inwoners-van-lessines-silly-en-ath-worden-uitgenodigd-om-te-investeren-in-lokale-groene-energie\\\/#breadcrumb\"},\"inLanguage\":\"nl-NL\",\"potentialAction\":[{\"@type\":\"ReadAction\",\"target\":[\"https:\\\/\\\/eoly-energy.com\\\/nl\\\/de-inwoners-van-lessines-silly-en-ath-worden-uitgenodigd-om-te-investeren-in-lokale-groene-energie\\\/\"]}]},{\"@type\":\"ImageObject\",\"inLanguage\":\"nl-NL\",\"@id\":\"https:\\\/\\\/eoly-energy.com\\\/nl\\\/de-inwoners-van-lessines-silly-en-ath-worden-uitgenodigd-om-te-investeren-in-lokale-groene-energie\\\/#primaryimage\",\"url\":\"https:\\\/\\\/eoly-energy.com\\\/wp-content\\\/uploads\\\/2022\\\/03\\\/Paper-EolyCoop.png\",\"contentUrl\":\"https:\\\/\\\/eoly-energy.com\\\/wp-content\\\/uploads\\\/2022\\\/03\\\/Paper-EolyCoop.png\",\"width\":1197,\"height\":693,\"caption\":\"Eoly Cooperation\"},{\"@type\":\"BreadcrumbList\",\"@id\":\"https:\\\/\\\/eoly-energy.com\\\/nl\\\/de-inwoners-van-lessines-silly-en-ath-worden-uitgenodigd-om-te-investeren-in-lokale-groene-energie\\\/#breadcrumb\",\"itemListElement\":[{\"@type\":\"ListItem\",\"position\":1,\"name\":\"Home\",\"item\":\"https:\\\/\\\/eoly-energy.com\\\/nl\\\/\"},{\"@type\":\"ListItem\",\"position\":2,\"name\":\"De inwoners van Lessen, Silly en At worden uitgenodigd om te investeren in lokale groene energie\"}]},{\"@type\":\"WebSite\",\"@id\":\"https:\\\/\\\/eoly-energy.com\\\/nl\\\/#website\",\"url\":\"https:\\\/\\\/eoly-energy.com\\\/nl\\\/\",\"name\":\"Eoly\",\"description\":\"Er waait een wind van verandering\",\"publisher\":{\"@id\":\"https:\\\/\\\/eoly-energy.com\\\/nl\\\/#organization\"},\"potentialAction\":[{\"@type\":\"SearchAction\",\"target\":{\"@type\":\"EntryPoint\",\"urlTemplate\":\"https:\\\/\\\/eoly-energy.com\\\/nl\\\/?s={search_term_string}\"},\"query-input\":{\"@type\":\"PropertyValueSpecification\",\"valueRequired\":true,\"valueName\":\"search_term_string\"}}],\"inLanguage\":\"nl-NL\"},{\"@type\":\"Organization\",\"@id\":\"https:\\\/\\\/eoly-energy.com\\\/nl\\\/#organization\",\"name\":\"Eoly\",\"url\":\"https:\\\/\\\/eoly-energy.com\\\/nl\\\/\",\"logo\":{\"@type\":\"ImageObject\",\"inLanguage\":\"nl-NL\",\"@id\":\"https:\\\/\\\/eoly-energy.com\\\/nl\\\/#\\\/schema\\\/logo\\\/image\\\/\",\"url\":\"https:\\\/\\\/eoly-energy.com\\\/wp-content\\\/uploads\\\/2025\\\/01\\\/64a9e6bc-8e45-4738-a093-6e93c8bf16f0.png\",\"contentUrl\":\"https:\\\/\\\/eoly-energy.com\\\/wp-content\\\/uploads\\\/2025\\\/01\\\/64a9e6bc-8e45-4738-a093-6e93c8bf16f0.png\",\"width\":1920,\"height\":490,\"caption\":\"Eoly\"},\"image\":{\"@id\":\"https:\\\/\\\/eoly-energy.com\\\/nl\\\/#\\\/schema\\\/logo\\\/image\\\/\"}},{\"@type\":\"Person\",\"@id\":\"https:\\\/\\\/eoly-energy.com\\\/nl\\\/#\\\/schema\\\/person\\\/f5c9f125782515219213282d36d2b7e9\",\"name\":\"Pauline\",\"image\":{\"@type\":\"ImageObject\",\"inLanguage\":\"nl-NL\",\"@id\":\"https:\\\/\\\/eoly-energy.com\\\/wp-content\\\/litespeed\\\/avatar\\\/95cdba552d426491bfa04cd728219685.jpg?ver=1777280134\",\"url\":\"https:\\\/\\\/eoly-energy.com\\\/wp-content\\\/litespeed\\\/avatar\\\/95cdba552d426491bfa04cd728219685.jpg?ver=1777280134\",\"contentUrl\":\"https:\\\/\\\/eoly-energy.com\\\/wp-content\\\/litespeed\\\/avatar\\\/95cdba552d426491bfa04cd728219685.jpg?ver=1777280134\",\"caption\":\"Pauline\"},\"url\":\"https:\\\/\\\/eoly-energy.com\\\/nl\\\/author\\\/pauline\\\/\"}]}<\/script>\n<!-- \/ Yoast SEO plugin. -->","yoast_head_json":{"title":"De inwoners van Lessen, Silly en At worden uitgenodigd om te investeren in lokale groene energie - Eoly","robots":{"index":"index","follow":"follow","max-snippet":"max-snippet:-1","max-image-preview":"max-image-preview:large","max-video-preview":"max-video-preview:-1"},"canonical":"https:\/\/eoly-energy.com\/nl\/de-inwoners-van-lessines-silly-en-ath-worden-uitgenodigd-om-te-investeren-in-lokale-groene-energie\/","og_locale":"nl_NL","og_type":"article","og_title":"De inwoners van Lessen, Silly en At worden uitgenodigd om te investeren in lokale groene energie - Eoly","og_description":"De bouw van de nieuwe windturbines in Ollignies is in volle gang. Eoly Co\u00f6peratie start de kapitaalophaling en nodigt de inwoners van Ollignies uit om mede-aandeelhouders te worden van \u00e9\u00e9n van de 5 windturbines in Ollignies.","og_url":"https:\/\/eoly-energy.com\/nl\/de-inwoners-van-lessines-silly-en-ath-worden-uitgenodigd-om-te-investeren-in-lokale-groene-energie\/","og_site_name":"Eoly","article_published_time":"2022-03-24T15:12:12+00:00","article_modified_time":"2022-03-24T16:58:13+00:00","og_image":[{"width":1197,"height":693,"url":"https:\/\/eoly-energy.com\/wp-content\/uploads\/2022\/03\/Paper-EolyCoop.png","type":"image\/png"}],"author":"Pauline","twitter_card":"summary_large_image","twitter_misc":{"Geschreven door":"Pauline","Geschatte leestijd":"2 minuten"},"schema":{"@context":"https:\/\/schema.org","@graph":[{"@type":"Article","@id":"https:\/\/eoly-energy.com\/nl\/de-inwoners-van-lessines-silly-en-ath-worden-uitgenodigd-om-te-investeren-in-lokale-groene-energie\/#article","isPartOf":{"@id":"https:\/\/eoly-energy.com\/nl\/de-inwoners-van-lessines-silly-en-ath-worden-uitgenodigd-om-te-investeren-in-lokale-groene-energie\/"},"author":{"name":"Pauline","@id":"https:\/\/eoly-energy.com\/nl\/#\/schema\/person\/f5c9f125782515219213282d36d2b7e9"},"headline":"De inwoners van Lessen, Silly en At worden uitgenodigd om te investeren in lokale groene energie","datePublished":"2022-03-24T15:12:12+00:00","dateModified":"2022-03-24T16:58:13+00:00","mainEntityOfPage":{"@id":"https:\/\/eoly-energy.com\/nl\/de-inwoners-van-lessines-silly-en-ath-worden-uitgenodigd-om-te-investeren-in-lokale-groene-energie\/"},"wordCount":452,"commentCount":0,"publisher":{"@id":"https:\/\/eoly-energy.com\/nl\/#organization"},"image":{"@id":"https:\/\/eoly-energy.com\/nl\/de-inwoners-van-lessines-silly-en-ath-worden-uitgenodigd-om-te-investeren-in-lokale-groene-energie\/#primaryimage"},"thumbnailUrl":"https:\/\/eoly-energy.com\/wp-content\/uploads\/2022\/03\/Paper-EolyCoop.png","keywords":["Eoly Co\u00f6peratie","Windenergie"],"articleSection":["Blog","Nieuws"],"inLanguage":"nl-NL","potentialAction":[{"@type":"CommentAction","name":"Comment","target":["https:\/\/eoly-energy.com\/nl\/de-inwoners-van-lessines-silly-en-ath-worden-uitgenodigd-om-te-investeren-in-lokale-groene-energie\/#respond"]}]},{"@type":"WebPage","@id":"https:\/\/eoly-energy.com\/nl\/de-inwoners-van-lessines-silly-en-ath-worden-uitgenodigd-om-te-investeren-in-lokale-groene-energie\/","url":"https:\/\/eoly-energy.com\/nl\/de-inwoners-van-lessines-silly-en-ath-worden-uitgenodigd-om-te-investeren-in-lokale-groene-energie\/","name":"De inwoners van Lessen, Silly en At worden uitgenodigd om te investeren in lokale groene energie - Eoly","isPartOf":{"@id":"https:\/\/eoly-energy.com\/nl\/#website"},"primaryImageOfPage":{"@id":"https:\/\/eoly-energy.com\/nl\/de-inwoners-van-lessines-silly-en-ath-worden-uitgenodigd-om-te-investeren-in-lokale-groene-energie\/#primaryimage"},"image":{"@id":"https:\/\/eoly-energy.com\/nl\/de-inwoners-van-lessines-silly-en-ath-worden-uitgenodigd-om-te-investeren-in-lokale-groene-energie\/#primaryimage"},"thumbnailUrl":"https:\/\/eoly-energy.com\/wp-content\/uploads\/2022\/03\/Paper-EolyCoop.png","datePublished":"2022-03-24T15:12:12+00:00","dateModified":"2022-03-24T16:58:13+00:00","breadcrumb":{"@id":"https:\/\/eoly-energy.com\/nl\/de-inwoners-van-lessines-silly-en-ath-worden-uitgenodigd-om-te-investeren-in-lokale-groene-energie\/#breadcrumb"},"inLanguage":"nl-NL","potentialAction":[{"@type":"ReadAction","target":["https:\/\/eoly-energy.com\/nl\/de-inwoners-van-lessines-silly-en-ath-worden-uitgenodigd-om-te-investeren-in-lokale-groene-energie\/"]}]},{"@type":"ImageObject","inLanguage":"nl-NL","@id":"https:\/\/eoly-energy.com\/nl\/de-inwoners-van-lessines-silly-en-ath-worden-uitgenodigd-om-te-investeren-in-lokale-groene-energie\/#primaryimage","url":"https:\/\/eoly-energy.com\/wp-content\/uploads\/2022\/03\/Paper-EolyCoop.png","contentUrl":"https:\/\/eoly-energy.com\/wp-content\/uploads\/2022\/03\/Paper-EolyCoop.png","width":1197,"height":693,"caption":"Eoly Cooperation"},{"@type":"BreadcrumbList","@id":"https:\/\/eoly-energy.com\/nl\/de-inwoners-van-lessines-silly-en-ath-worden-uitgenodigd-om-te-investeren-in-lokale-groene-energie\/#breadcrumb","itemListElement":[{"@type":"ListItem","position":1,"name":"Home","item":"https:\/\/eoly-energy.com\/nl\/"},{"@type":"ListItem","position":2,"name":"De inwoners van Lessen, Silly en At worden uitgenodigd om te investeren in lokale groene energie"}]},{"@type":"WebSite","@id":"https:\/\/eoly-energy.com\/nl\/#website","url":"https:\/\/eoly-energy.com\/nl\/","name":"Eoly","description":"Er waait een wind van verandering","publisher":{"@id":"https:\/\/eoly-energy.com\/nl\/#organization"},"potentialAction":[{"@type":"SearchAction","target":{"@type":"EntryPoint","urlTemplate":"https:\/\/eoly-energy.com\/nl\/?s={search_term_string}"},"query-input":{"@type":"PropertyValueSpecification","valueRequired":true,"valueName":"search_term_string"}}],"inLanguage":"nl-NL"},{"@type":"Organization","@id":"https:\/\/eoly-energy.com\/nl\/#organization","name":"Eoly","url":"https:\/\/eoly-energy.com\/nl\/","logo":{"@type":"ImageObject","inLanguage":"nl-NL","@id":"https:\/\/eoly-energy.com\/nl\/#\/schema\/logo\/image\/","url":"https:\/\/eoly-energy.com\/wp-content\/uploads\/2025\/01\/64a9e6bc-8e45-4738-a093-6e93c8bf16f0.png","contentUrl":"https:\/\/eoly-energy.com\/wp-content\/uploads\/2025\/01\/64a9e6bc-8e45-4738-a093-6e93c8bf16f0.png","width":1920,"height":490,"caption":"Eoly"},"image":{"@id":"https:\/\/eoly-energy.com\/nl\/#\/schema\/logo\/image\/"}},{"@type":"Person","@id":"https:\/\/eoly-energy.com\/nl\/#\/schema\/person\/f5c9f125782515219213282d36d2b7e9","name":"Pauline","image":{"@type":"ImageObject","inLanguage":"nl-NL","@id":"https:\/\/eoly-energy.com\/wp-content\/litespeed\/avatar\/95cdba552d426491bfa04cd728219685.jpg?ver=1777280134","url":"https:\/\/eoly-energy.com\/wp-content\/litespeed\/avatar\/95cdba552d426491bfa04cd728219685.jpg?ver=1777280134","contentUrl":"https:\/\/eoly-energy.com\/wp-content\/litespeed\/avatar\/95cdba552d426491bfa04cd728219685.jpg?ver=1777280134","caption":"Pauline"},"url":"https:\/\/eoly-energy.com\/nl\/author\/pauline\/"}]}},"_links":{"self":[{"href":"https:\/\/eoly-energy.com\/nl\/wp-json\/wp\/v2\/posts\/8721","targetHints":{"allow":["GET"]}}],"collection":[{"href":"https:\/\/eoly-energy.com\/nl\/wp-json\/wp\/v2\/posts"}],"about":[{"href":"https:\/\/eoly-energy.com\/nl\/wp-json\/wp\/v2\/types\/post"}],"author":[{"embeddable":true,"href":"https:\/\/eoly-energy.com\/nl\/wp-json\/wp\/v2\/users\/6"}],"replies":[{"embeddable":true,"href":"https:\/\/eoly-energy.com\/nl\/wp-json\/wp\/v2\/comments?post=8721"}],"version-history":[{"count":0,"href":"https:\/\/eoly-energy.com\/nl\/wp-json\/wp\/v2\/posts\/8721\/revisions"}],"wp:featuredmedia":[{"embeddable":true,"href":"https:\/\/eoly-energy.com\/nl\/wp-json\/wp\/v2\/media\/8634"}],"wp:attachment":[{"href":"https:\/\/eoly-energy.com\/nl\/wp-json\/wp\/v2\/media?parent=8721"}],"wp:term":[{"taxonomy":"category","embeddable":true,"href":"https:\/\/eoly-energy.com\/nl\/wp-json\/wp\/v2\/categories?post=8721"},{"taxonomy":"post_tag","embeddable":true,"href":"https:\/\/eoly-energy.com\/nl\/wp-json\/wp\/v2\/tags?post=8721"}],"curies":[{"name":"wp","href":"https:\/\/api.w.org\/{rel}","templated":true}]}}