{"id":9170,"date":"2022-04-11T14:19:08","date_gmt":"2022-04-11T14:19:08","guid":{"rendered":"https:\/\/eoly-energy.com\/?p=9170"},"modified":"2022-09-19T14:47:14","modified_gmt":"2022-09-19T14:47:14","slug":"eoly-energy-novandi-decarbonation-activites-logistiques-liege","status":"publish","type":"post","link":"https:\/\/eoly-energy.com\/fr\/eoly-energy-novandi-decarbonation-activites-logistiques-liege\/","title":{"rendered":"Eoly Energy et Novandi s\u2019attaquent \u00e0 la d\u00e9carbonation des activit\u00e9s logistiques \u00e0 Li\u00e8ge"},"content":{"rendered":"\t\t<div data-elementor-type=\"wp-post\" data-elementor-id=\"9170\" class=\"elementor elementor-9170\" data-elementor-post-type=\"post\">\n\t\t\t\t\t\t<section class=\"elementor-section elementor-top-section elementor-element elementor-element-c7979e6 elementor-section-boxed elementor-section-height-default elementor-section-height-default\" data-id=\"c7979e6\" data-element_type=\"section\" data-e-type=\"section\">\n\t\t\t\t\t\t<div class=\"elementor-container elementor-column-gap-default\">\n\t\t\t\t\t<div class=\"elementor-column elementor-col-100 elementor-top-column elementor-element elementor-element-ddc60fa\" data-id=\"ddc60fa\" data-element_type=\"column\" data-e-type=\"column\">\n\t\t\t<div class=\"elementor-widget-wrap elementor-element-populated\">\n\t\t\t\t\t\t<div class=\"elementor-element elementor-element-9c062f5 elementor-widget elementor-widget-text-editor\" data-id=\"9c062f5\" data-element_type=\"widget\" data-e-type=\"widget\" data-widget_type=\"text-editor.default\">\n\t\t\t\t<div class=\"elementor-widget-container\">\n\t\t\t\t\t\t\t\t\t<p>Le 9 mars dernier, le projet ZELLIE port\u00e9 par Eoly Energy et Novandi a \u00e9t\u00e9 retenu officiellement par le Gouvernement wallon dans le cadre de l\u2019appel \u00e0 projets dans les domaines de l\u2019hydrog\u00e8ne lanc\u00e9 en juillet 2021. A travers ce projet, Eoly Energy, d\u00e9veloppeur des projets hydrog\u00e8ne au sein du groupe Virya, et\u00a0Novandi, op\u00e9rateur multimodal projettent de construire une unit\u00e9 de production d\u2019hydrog\u00e8ne sur le site de Renory \u00e0 Li\u00e8ge et de d\u00e9carboner les flux logistiques en mettant en service 2 barges \u00e0 hydrog\u00e8ne et une station de ravitaillement destin\u00e9e \u00e0 la mobilit\u00e9 sur route. Cette collaboration 100% belge s\u2019inscrit parfaitement dans les objectifs de r\u00e9duction des \u00e9missions de la R\u00e9gion wallonne.\u00a0<\/p><p><b>Eoly Energy et Novandi d\u00e9carbonent les activit\u00e9s logistiques \u00e0 Li\u00e8ge<\/b><\/p><p>L\u2019hydrog\u00e8ne est un levier essentiel de la mobilit\u00e9 durable et un vecteur \u00e9nerg\u00e9tique qui permet de d\u00e9carboner la mobilit\u00e9 lourde (poids-lourds, bateaux, trains, \u2026). Le secteur de la logistique est un secteur strat\u00e9gique pour le red\u00e9ploiement \u00e9conomique de la R\u00e9gion Wallonne. Le projet ZELLIE (pour Zero Emission Logistique LIEge) apportera des solutions concr\u00e8tes pour d\u00e9carboner les activit\u00e9s de transport.<\/p><p>Le projet ZELLIE repose sur un concept de production locale de 5 MW d\u2019hydrog\u00e8ne vert sur le site de Renory afin de d\u00e9carboner deux barges op\u00e9rant actuellement entre Li\u00e8ge et Anvers et pour lesquelles l\u2019\u00e9lectrification directe ne semble techniquement pas possible, ainsi que d\u2019autres usages logistiques lourds (poids-lourds).<\/p><p>L\u2019unit\u00e9 de production sera localis\u00e9e au c\u0153ur du Port Autonome de Li\u00e8ge, qui jouit d\u2019une localisation de premier plan au niveau europ\u00e9en, national et r\u00e9gional. Le site de Renory est une plateforme multimodale situ\u00e9e au croisement des acc\u00e8s autoroutiers belges, allemands et n\u00e9erlandais et facilement accessible par les poids-lourds \u00e9galement.<\/p><p><b>ZELLIE est un projet ambitieux et innovant. En effet, les objectifs de d\u00e9carbonation pour la navigation fluviale sont \u00e9lev\u00e9s. Les projets ouvrant la voie du z\u00e9ro \u00e9missions pour ce type de transport sont, cependant, encore rares et le projet sera pionnier en Belgique.<\/b><\/p>\t\t\t\t\t\t\t\t<\/div>\n\t\t\t\t<\/div>\n\t\t\t\t\t<\/div>\n\t\t<\/div>\n\t\t\t\t\t<\/div>\n\t\t<\/section>\n\t\t\t\t<section class=\"elementor-section elementor-top-section elementor-element elementor-element-2175dfc elementor-section-boxed elementor-section-height-default elementor-section-height-default\" data-id=\"2175dfc\" data-element_type=\"section\" data-e-type=\"section\">\n\t\t\t\t\t\t<div class=\"elementor-container elementor-column-gap-default\">\n\t\t\t\t\t<div class=\"elementor-column elementor-col-100 elementor-top-column elementor-element elementor-element-13188dd\" data-id=\"13188dd\" data-element_type=\"column\" data-e-type=\"column\">\n\t\t\t<div class=\"elementor-widget-wrap elementor-element-populated\">\n\t\t\t\t\t\t<div class=\"elementor-element elementor-element-d2cce35 elementor-widget elementor-widget-image\" data-id=\"d2cce35\" data-element_type=\"widget\" data-e-type=\"widget\" data-widget_type=\"image.default\">\n\t\t\t\t<div class=\"elementor-widget-container\">\n\t\t\t\t\t\t\t\t\t\t\t\t\t\t\t<img fetchpriority=\"high\" decoding=\"async\" width=\"1024\" height=\"626\" src=\"https:\/\/eoly-energy.com\/wp-content\/uploads\/2022\/04\/DPWORLD_OK-1024x626.jpg\" class=\"attachment-large size-large wp-image-9182\" alt=\"Novandi_site\" srcset=\"https:\/\/eoly-energy.com\/wp-content\/uploads\/2022\/04\/DPWORLD_OK-1024x626.jpg 1024w, https:\/\/eoly-energy.com\/wp-content\/uploads\/2022\/04\/DPWORLD_OK-300x183.jpg 300w, https:\/\/eoly-energy.com\/wp-content\/uploads\/2022\/04\/DPWORLD_OK-768x470.jpg 768w, https:\/\/eoly-energy.com\/wp-content\/uploads\/2022\/04\/DPWORLD_OK-1536x939.jpg 1536w, https:\/\/eoly-energy.com\/wp-content\/uploads\/2022\/04\/DPWORLD_OK-scaled.jpg 2048w, https:\/\/eoly-energy.com\/wp-content\/uploads\/2022\/04\/DPWORLD_OK-1200x734.jpg 1200w\" sizes=\"(max-width: 709px) 85vw, (max-width: 909px) 67vw, (max-width: 1362px) 62vw, 840px\" \/>\t\t\t\t\t\t\t\t\t\t\t\t\t\t\t<\/div>\n\t\t\t\t<\/div>\n\t\t\t\t\t<\/div>\n\t\t<\/div>\n\t\t\t\t\t<\/div>\n\t\t<\/section>\n\t\t\t\t<section class=\"elementor-section elementor-top-section elementor-element elementor-element-cf339ea elementor-section-boxed elementor-section-height-default elementor-section-height-default\" data-id=\"cf339ea\" data-element_type=\"section\" data-e-type=\"section\">\n\t\t\t\t\t\t<div class=\"elementor-container elementor-column-gap-default\">\n\t\t\t\t\t<div class=\"elementor-column elementor-col-100 elementor-top-column elementor-element elementor-element-c284719\" data-id=\"c284719\" data-element_type=\"column\" data-e-type=\"column\">\n\t\t\t<div class=\"elementor-widget-wrap elementor-element-populated\">\n\t\t\t\t\t\t<div class=\"elementor-element elementor-element-a75aa0e elementor-widget elementor-widget-text-editor\" data-id=\"a75aa0e\" data-element_type=\"widget\" data-e-type=\"widget\" data-widget_type=\"text-editor.default\">\n\t\t\t\t<div class=\"elementor-widget-container\">\n\t\t\t\t\t\t\t\t\t<p><u><b>Un projet et une expertise 100% belge<\/b><\/u><\/p>\n<p>Le projet ZELLIE rassemble un ensemble d\u2019acteurs belges de premier plan d\u00e9sireux d&rsquo;inscrire un nouveau jalon dans le d\u00e9veloppement la fili\u00e8re hydrog\u00e8ne en r\u00e9gion li\u00e9geoise. L\u2019initiative a en effet \u00e9t\u00e9 d\u00e9velopp\u00e9e par des acteurs belges faisant figure de r\u00e9f\u00e9rence dans leur domaine au niveau belge et europ\u00e9en. Les porteurs de projet Eoly Energy, acteur actif en hydrog\u00e8ne depuis 2012 et de Novandi, op\u00e9rateur du terminal multimodal de Renory, s\u2019appuieront sur l\u2019expertise locale de John Cockerill et BEH<sub>2<\/sub>YDRO, une joint-venture cr\u00e9\u00e9e par le motoriste gantois Anglo Belgian Corporation (ABC) et CMB.TECH.<br>John Cockerill sera en charge de la conception, de la fourniture et de la construction des installations sp\u00e9cifiques \u00e0 la production et \u00e0 l\u2019utilisation de l\u2019hydrog\u00e8ne. BEH2YDRO sera en charge de la fourniture et de l\u2019installation du nouveau moteur \u00e0 combustion hydrog\u00e8ne sur les barges de Novandi.&nbsp;<\/p>\t\t\t\t\t\t\t\t<\/div>\n\t\t\t\t<\/div>\n\t\t\t\t\t<\/div>\n\t\t<\/div>\n\t\t\t\t\t<\/div>\n\t\t<\/section>\n\t\t\t\t<section class=\"elementor-section elementor-top-section elementor-element elementor-element-b9467c2 elementor-section-boxed elementor-section-height-default elementor-section-height-default\" data-id=\"b9467c2\" data-element_type=\"section\" data-e-type=\"section\">\n\t\t\t\t\t\t<div class=\"elementor-container elementor-column-gap-default\">\n\t\t\t\t\t<div class=\"elementor-column elementor-col-50 elementor-top-column elementor-element elementor-element-8781e6c\" data-id=\"8781e6c\" data-element_type=\"column\" data-e-type=\"column\">\n\t\t\t<div class=\"elementor-widget-wrap elementor-element-populated\">\n\t\t\t\t\t\t<div class=\"elementor-element elementor-element-efc1a4b elementor-widget elementor-widget-text-editor\" data-id=\"efc1a4b\" data-element_type=\"widget\" data-e-type=\"widget\" data-widget_type=\"text-editor.default\">\n\t\t\t\t<div class=\"elementor-widget-container\">\n\t\t\t\t\t\t\t\t\t<p><b><u>A propos<\/u> :<\/b><\/p><p><strong>Eoly Energy<\/strong> est une entreprise belge sp\u00e9cialis\u00e9e dans le d\u00e9veloppement des \u00e9nergies renouvelables (vent\/ solaire\/ hydrog\u00e8ne). Eoly Energy a l\u2019ambition de d\u00e9velopper et d\u2019\u00e9tendre sa production et sa commercialisation d\u2019hydrog\u00e8ne vert sur le territoire belge et europ\u00e9en. Eoly Energy, Fluxys et Parkwind d\u00e9veloppent notamment un projet d\u2019une installation \u00e0 \u00e9chelle industrielle \u00e0 Zeebruges d\u2019ici 2024 pour convertir de l&rsquo;\u00e9lectricit\u00e9 renouvelable en hydrog\u00e8ne vert. Un autre projet similaire est en cours de d\u00e9veloppement \u00e0 Terneuzen (NL) au c\u0153ur du North Sea Port.<\/p><p>Eoly Energy est d\u00e9tenue par la soci\u00e9t\u00e9 holding Virya Energy. Virya Energy a \u00e9t\u00e9 fond\u00e9e en 2019 par Colruyt Group et Korys.<\/p><p><strong>Novandi<\/strong> est un acteur majeur dans la multimodalit\u00e9 en Wallonie. Exploitant de plusieurs plateformes multimodales, le groupe se positionne comme le partenaire de r\u00e9f\u00e9rence pour la manutention de bulk cargo, conteneurs, caisses mobiles et remorques de la route vers la voie ferr\u00e9e et la voie d\u2019eau.<br \/>Le groupe g\u00e8re actuellement le terminal bimodal ferroviaire de Li\u00e8ge Airport et les terminaux trimodaux de Montignies-sur-Sambre, Renory (Angleur) et Trilogiport (Hermalle-sous-argenteau).<\/p>\t\t\t\t\t\t\t\t<\/div>\n\t\t\t\t<\/div>\n\t\t\t\t<div class=\"elementor-element elementor-element-41c557b elementor-widget elementor-widget-image\" data-id=\"41c557b\" data-element_type=\"widget\" data-e-type=\"widget\" data-widget_type=\"image.default\">\n\t\t\t\t<div class=\"elementor-widget-container\">\n\t\t\t\t\t\t\t\t\t\t\t\t\t\t\t<img decoding=\"async\" width=\"1024\" height=\"576\" src=\"https:\/\/eoly-energy.com\/wp-content\/uploads\/2022\/04\/20210615_120900-1024x576.jpg\" class=\"attachment-large size-large wp-image-9173\" alt=\"\" srcset=\"https:\/\/eoly-energy.com\/wp-content\/uploads\/2022\/04\/20210615_120900-1024x576.jpg 1024w, https:\/\/eoly-energy.com\/wp-content\/uploads\/2022\/04\/20210615_120900-300x169.jpg 300w, https:\/\/eoly-energy.com\/wp-content\/uploads\/2022\/04\/20210615_120900-768x432.jpg 768w, https:\/\/eoly-energy.com\/wp-content\/uploads\/2022\/04\/20210615_120900-1536x864.jpg 1536w, https:\/\/eoly-energy.com\/wp-content\/uploads\/2022\/04\/20210615_120900-scaled.jpg 2048w, https:\/\/eoly-energy.com\/wp-content\/uploads\/2022\/04\/20210615_120900-1200x675.jpg 1200w\" sizes=\"(max-width: 709px) 85vw, (max-width: 909px) 67vw, (max-width: 1362px) 62vw, 840px\" \/>\t\t\t\t\t\t\t\t\t\t\t\t\t\t\t<\/div>\n\t\t\t\t<\/div>\n\t\t\t\t\t<\/div>\n\t\t<\/div>\n\t\t\t\t<div class=\"elementor-column elementor-col-50 elementor-top-column elementor-element elementor-element-f31e3d9\" data-id=\"f31e3d9\" data-element_type=\"column\" data-e-type=\"column\">\n\t\t\t<div class=\"elementor-widget-wrap elementor-element-populated\">\n\t\t\t\t\t\t<div class=\"elementor-element elementor-element-ea97538 elementor-widget elementor-widget-text-editor\" data-id=\"ea97538\" data-element_type=\"widget\" data-e-type=\"widget\" data-widget_type=\"text-editor.default\">\n\t\t\t\t<div class=\"elementor-widget-container\">\n\t\t\t\t\t\t\t\t\t<p><strong style=\"font-size: 1.05em;\">John Cockerill<\/strong><span style=\"font-size: 1.05em;\"> est une soci\u00e9t\u00e9 li\u00e9geoise d\u2019ing\u00e9nierie fournissant des solutions industrielles \u00e0 de nombreux secteurs d\u2019activit\u00e9. Depuis 2019, John Cockerill propose et vend dans le monde entier ses \u00e9quipements d\u2019\u00e9lectrolyse et ses solutions int\u00e9gr\u00e9es de production et distribution d\u2019hydrog\u00e8ne. Une usine europ\u00e9enne de fabrication d\u2019\u00e9lectrolyseurs sera mise en service en 2022.<\/span><\/p><p><strong>BEH<sub>2<\/sub>YDRO<\/strong> est une joint-venture belge cr\u00e9\u00e9e par le motoriste gantois Anglo Belgian Corporation (ABC) et CMB.TECH. Aspirant \u00e0 diminuer concr\u00e8tement les \u00e9missions de carburant en mer et sur terre, BEH<sub>2<\/sub>YDRO d\u00e9veloppe des applications hydrog\u00e8nes diverses, des moteurs \u00e0 hydrog\u00e8ne, ainsi que des solutions de stockage d&rsquo;hydrog\u00e8ne.<\/p><p><strong>Contacts Presse:<\/strong><\/p><p>Stephan Windels, CEO, Eoly Energy<\/p><p><a href=\"mailto:stephan.windels@eoly-energy.com\">stephan.windels@eoly-energy.com<\/a><\/p><p>Pauline Dijon, Head of Bus. Development, Eoly Energy<\/p><p><a href=\"mailto:pauline.dijon@eoly-energy.com\">pauline.dijon@eoly-energy.com<\/a><\/p><p>Vincent Brassinne, Directeur, Novandi<\/p><p><a href=\"mailto:vincent.brassinne@novandi.be\">vincent.brassinne@novandi.be<\/a><\/p><p>\u00a0<\/p>\t\t\t\t\t\t\t\t<\/div>\n\t\t\t\t<\/div>\n\t\t\t\t\t<\/div>\n\t\t<\/div>\n\t\t\t\t\t<\/div>\n\t\t<\/section>\n\t\t\t\t<\/div>\n\t\t","protected":false},"excerpt":{"rendered":"<p>Le 9 mars dernier, le projet ZELLIE port\u00e9 par Eoly Energy et Novandi a \u00e9t\u00e9 retenu officiellement par le Gouvernement wallon dans le cadre de l\u2019appel \u00e0 projets dans les domaines de l\u2019hydrog\u00e8ne lanc\u00e9 en juillet 2021. A travers ce projet, Eoly Energy, d\u00e9veloppeur des projets hydrog\u00e8ne au sein du groupe Virya, et\u00a0Novandi, op\u00e9rateur multimodal &hellip; <a href=\"https:\/\/eoly-energy.com\/fr\/eoly-energy-novandi-decarbonation-activites-logistiques-liege\/\" class=\"more-link\">Continue reading<span class=\"screen-reader-text\"> \u00ab\u00a0Eoly Energy et Novandi s\u2019attaquent \u00e0 la d\u00e9carbonation des activit\u00e9s logistiques \u00e0 Li\u00e8ge\u00a0\u00bb<\/span><\/a><\/p>\n","protected":false},"author":6,"featured_media":9176,"comment_status":"open","ping_status":"open","sticky":false,"template":"","format":"standard","meta":{"_acf_changed":false,"footnotes":""},"categories":[12],"tags":[59],"class_list":["post-9170","post","type-post","status-publish","format-standard","has-post-thumbnail","hentry","category-nouvelles","tag-hydrogene"],"acf":[],"yoast_head":"<!-- This site is optimized with the Yoast SEO plugin v27.5 - https:\/\/yoast.com\/product\/yoast-seo-wordpress\/ -->\n<title>Eoly Energy et Novandi s\u2019attaquent \u00e0 la d\u00e9carbonation des activit\u00e9s logistiques \u00e0 Li\u00e8ge - Eoly<\/title>\n<meta name=\"robots\" content=\"index, follow, max-snippet:-1, max-image-preview:large, max-video-preview:-1\" \/>\n<link rel=\"canonical\" href=\"https:\/\/eoly-energy.com\/fr\/eoly-energy-novandi-decarbonation-activites-logistiques-liege\/\" \/>\n<meta property=\"og:locale\" content=\"fr_FR\" \/>\n<meta property=\"og:type\" content=\"article\" \/>\n<meta property=\"og:title\" content=\"Eoly Energy et Novandi s\u2019attaquent \u00e0 la d\u00e9carbonation des activit\u00e9s logistiques \u00e0 Li\u00e8ge - Eoly\" \/>\n<meta property=\"og:description\" content=\"Le 9 mars dernier, le projet ZELLIE port\u00e9 par Eoly Energy et Novandi a \u00e9t\u00e9 retenu officiellement par le Gouvernement wallon dans le cadre de l\u2019appel \u00e0 projets dans les domaines de l\u2019hydrog\u00e8ne lanc\u00e9 en juillet 2021. A travers ce projet, Eoly Energy, d\u00e9veloppeur des projets hydrog\u00e8ne au sein du groupe Virya, et\u00a0Novandi, op\u00e9rateur multimodal &hellip; Continue reading &quot;Eoly Energy et Novandi s\u2019attaquent \u00e0 la d\u00e9carbonation des activit\u00e9s logistiques \u00e0 Li\u00e8ge&quot;\" \/>\n<meta property=\"og:url\" content=\"https:\/\/eoly-energy.com\/fr\/eoly-energy-novandi-decarbonation-activites-logistiques-liege\/\" \/>\n<meta property=\"og:site_name\" content=\"Eoly\" \/>\n<meta property=\"article:published_time\" content=\"2022-04-11T14:19:08+00:00\" \/>\n<meta property=\"article:modified_time\" content=\"2022-09-19T14:47:14+00:00\" \/>\n<meta property=\"og:image\" content=\"https:\/\/eoly-energy.com\/wp-content\/uploads\/2022\/04\/DJI_0449-scaled.jpg\" \/>\n\t<meta property=\"og:image:width\" content=\"2048\" \/>\n\t<meta property=\"og:image:height\" content=\"1152\" \/>\n\t<meta property=\"og:image:type\" content=\"image\/jpeg\" \/>\n<meta name=\"author\" content=\"Pauline\" \/>\n<meta name=\"twitter:card\" content=\"summary_large_image\" \/>\n<meta name=\"twitter:label1\" content=\"\u00c9crit par\" \/>\n\t<meta name=\"twitter:data1\" content=\"Pauline\" \/>\n\t<meta name=\"twitter:label2\" content=\"Dur\u00e9e de lecture estim\u00e9e\" \/>\n\t<meta name=\"twitter:data2\" content=\"5 minutes\" \/>\n<script type=\"application\/ld+json\" class=\"yoast-schema-graph\">{\"@context\":\"https:\\\/\\\/schema.org\",\"@graph\":[{\"@type\":\"Article\",\"@id\":\"https:\\\/\\\/eoly-energy.com\\\/fr\\\/eoly-energy-novandi-decarbonation-activites-logistiques-liege\\\/#article\",\"isPartOf\":{\"@id\":\"https:\\\/\\\/eoly-energy.com\\\/fr\\\/eoly-energy-novandi-decarbonation-activites-logistiques-liege\\\/\"},\"author\":{\"name\":\"Pauline\",\"@id\":\"https:\\\/\\\/eoly-energy.com\\\/fr\\\/#\\\/schema\\\/person\\\/f5c9f125782515219213282d36d2b7e9\"},\"headline\":\"Eoly Energy et Novandi s\u2019attaquent \u00e0 la d\u00e9carbonation des activit\u00e9s logistiques \u00e0 Li\u00e8ge\",\"datePublished\":\"2022-04-11T14:19:08+00:00\",\"dateModified\":\"2022-09-19T14:47:14+00:00\",\"mainEntityOfPage\":{\"@id\":\"https:\\\/\\\/eoly-energy.com\\\/fr\\\/eoly-energy-novandi-decarbonation-activites-logistiques-liege\\\/\"},\"wordCount\":881,\"commentCount\":0,\"publisher\":{\"@id\":\"https:\\\/\\\/eoly-energy.com\\\/fr\\\/#organization\"},\"image\":{\"@id\":\"https:\\\/\\\/eoly-energy.com\\\/fr\\\/eoly-energy-novandi-decarbonation-activites-logistiques-liege\\\/#primaryimage\"},\"thumbnailUrl\":\"https:\\\/\\\/eoly-energy.com\\\/wp-content\\\/uploads\\\/2022\\\/04\\\/DJI_0449-scaled.jpg\",\"keywords\":[\"Hydrog\u00e8ne\"],\"articleSection\":[\"Nouvelles\"],\"inLanguage\":\"fr-FR\",\"potentialAction\":[{\"@type\":\"CommentAction\",\"name\":\"Comment\",\"target\":[\"https:\\\/\\\/eoly-energy.com\\\/fr\\\/eoly-energy-novandi-decarbonation-activites-logistiques-liege\\\/#respond\"]}]},{\"@type\":\"WebPage\",\"@id\":\"https:\\\/\\\/eoly-energy.com\\\/fr\\\/eoly-energy-novandi-decarbonation-activites-logistiques-liege\\\/\",\"url\":\"https:\\\/\\\/eoly-energy.com\\\/fr\\\/eoly-energy-novandi-decarbonation-activites-logistiques-liege\\\/\",\"name\":\"Eoly Energy et Novandi s\u2019attaquent \u00e0 la d\u00e9carbonation des activit\u00e9s logistiques \u00e0 Li\u00e8ge - Eoly\",\"isPartOf\":{\"@id\":\"https:\\\/\\\/eoly-energy.com\\\/fr\\\/#website\"},\"primaryImageOfPage\":{\"@id\":\"https:\\\/\\\/eoly-energy.com\\\/fr\\\/eoly-energy-novandi-decarbonation-activites-logistiques-liege\\\/#primaryimage\"},\"image\":{\"@id\":\"https:\\\/\\\/eoly-energy.com\\\/fr\\\/eoly-energy-novandi-decarbonation-activites-logistiques-liege\\\/#primaryimage\"},\"thumbnailUrl\":\"https:\\\/\\\/eoly-energy.com\\\/wp-content\\\/uploads\\\/2022\\\/04\\\/DJI_0449-scaled.jpg\",\"datePublished\":\"2022-04-11T14:19:08+00:00\",\"dateModified\":\"2022-09-19T14:47:14+00:00\",\"breadcrumb\":{\"@id\":\"https:\\\/\\\/eoly-energy.com\\\/fr\\\/eoly-energy-novandi-decarbonation-activites-logistiques-liege\\\/#breadcrumb\"},\"inLanguage\":\"fr-FR\",\"potentialAction\":[{\"@type\":\"ReadAction\",\"target\":[\"https:\\\/\\\/eoly-energy.com\\\/fr\\\/eoly-energy-novandi-decarbonation-activites-logistiques-liege\\\/\"]}]},{\"@type\":\"ImageObject\",\"inLanguage\":\"fr-FR\",\"@id\":\"https:\\\/\\\/eoly-energy.com\\\/fr\\\/eoly-energy-novandi-decarbonation-activites-logistiques-liege\\\/#primaryimage\",\"url\":\"https:\\\/\\\/eoly-energy.com\\\/wp-content\\\/uploads\\\/2022\\\/04\\\/DJI_0449-scaled.jpg\",\"contentUrl\":\"https:\\\/\\\/eoly-energy.com\\\/wp-content\\\/uploads\\\/2022\\\/04\\\/DJI_0449-scaled.jpg\",\"width\":2048,\"height\":1152,\"caption\":\"DCIM100MEDIADJI_0449.JPG\"},{\"@type\":\"BreadcrumbList\",\"@id\":\"https:\\\/\\\/eoly-energy.com\\\/fr\\\/eoly-energy-novandi-decarbonation-activites-logistiques-liege\\\/#breadcrumb\",\"itemListElement\":[{\"@type\":\"ListItem\",\"position\":1,\"name\":\"Home\",\"item\":\"https:\\\/\\\/eoly-energy.com\\\/fr\\\/\"},{\"@type\":\"ListItem\",\"position\":2,\"name\":\"Eoly Energy et Novandi s\u2019attaquent \u00e0 la d\u00e9carbonation des activit\u00e9s logistiques \u00e0 Li\u00e8ge\"}]},{\"@type\":\"WebSite\",\"@id\":\"https:\\\/\\\/eoly-energy.com\\\/fr\\\/#website\",\"url\":\"https:\\\/\\\/eoly-energy.com\\\/fr\\\/\",\"name\":\"Eoly\",\"description\":\"Er waait een wind van verandering\",\"publisher\":{\"@id\":\"https:\\\/\\\/eoly-energy.com\\\/fr\\\/#organization\"},\"potentialAction\":[{\"@type\":\"SearchAction\",\"target\":{\"@type\":\"EntryPoint\",\"urlTemplate\":\"https:\\\/\\\/eoly-energy.com\\\/fr\\\/?s={search_term_string}\"},\"query-input\":{\"@type\":\"PropertyValueSpecification\",\"valueRequired\":true,\"valueName\":\"search_term_string\"}}],\"inLanguage\":\"fr-FR\"},{\"@type\":\"Organization\",\"@id\":\"https:\\\/\\\/eoly-energy.com\\\/fr\\\/#organization\",\"name\":\"Eoly\",\"url\":\"https:\\\/\\\/eoly-energy.com\\\/fr\\\/\",\"logo\":{\"@type\":\"ImageObject\",\"inLanguage\":\"fr-FR\",\"@id\":\"https:\\\/\\\/eoly-energy.com\\\/fr\\\/#\\\/schema\\\/logo\\\/image\\\/\",\"url\":\"https:\\\/\\\/eoly-energy.com\\\/wp-content\\\/uploads\\\/2025\\\/01\\\/64a9e6bc-8e45-4738-a093-6e93c8bf16f0.png\",\"contentUrl\":\"https:\\\/\\\/eoly-energy.com\\\/wp-content\\\/uploads\\\/2025\\\/01\\\/64a9e6bc-8e45-4738-a093-6e93c8bf16f0.png\",\"width\":1920,\"height\":490,\"caption\":\"Eoly\"},\"image\":{\"@id\":\"https:\\\/\\\/eoly-energy.com\\\/fr\\\/#\\\/schema\\\/logo\\\/image\\\/\"}},{\"@type\":\"Person\",\"@id\":\"https:\\\/\\\/eoly-energy.com\\\/fr\\\/#\\\/schema\\\/person\\\/f5c9f125782515219213282d36d2b7e9\",\"name\":\"Pauline\",\"image\":{\"@type\":\"ImageObject\",\"inLanguage\":\"fr-FR\",\"@id\":\"https:\\\/\\\/eoly-energy.com\\\/wp-content\\\/litespeed\\\/avatar\\\/95cdba552d426491bfa04cd728219685.jpg?ver=1777280134\",\"url\":\"https:\\\/\\\/eoly-energy.com\\\/wp-content\\\/litespeed\\\/avatar\\\/95cdba552d426491bfa04cd728219685.jpg?ver=1777280134\",\"contentUrl\":\"https:\\\/\\\/eoly-energy.com\\\/wp-content\\\/litespeed\\\/avatar\\\/95cdba552d426491bfa04cd728219685.jpg?ver=1777280134\",\"caption\":\"Pauline\"},\"url\":\"https:\\\/\\\/eoly-energy.com\\\/fr\\\/author\\\/pauline\\\/\"}]}<\/script>\n<!-- \/ Yoast SEO plugin. -->","yoast_head_json":{"title":"Eoly Energy et Novandi s\u2019attaquent \u00e0 la d\u00e9carbonation des activit\u00e9s logistiques \u00e0 Li\u00e8ge - Eoly","robots":{"index":"index","follow":"follow","max-snippet":"max-snippet:-1","max-image-preview":"max-image-preview:large","max-video-preview":"max-video-preview:-1"},"canonical":"https:\/\/eoly-energy.com\/fr\/eoly-energy-novandi-decarbonation-activites-logistiques-liege\/","og_locale":"fr_FR","og_type":"article","og_title":"Eoly Energy et Novandi s\u2019attaquent \u00e0 la d\u00e9carbonation des activit\u00e9s logistiques \u00e0 Li\u00e8ge - Eoly","og_description":"Le 9 mars dernier, le projet ZELLIE port\u00e9 par Eoly Energy et Novandi a \u00e9t\u00e9 retenu officiellement par le Gouvernement wallon dans le cadre de l\u2019appel \u00e0 projets dans les domaines de l\u2019hydrog\u00e8ne lanc\u00e9 en juillet 2021. A travers ce projet, Eoly Energy, d\u00e9veloppeur des projets hydrog\u00e8ne au sein du groupe Virya, et\u00a0Novandi, op\u00e9rateur multimodal &hellip; Continue reading \"Eoly Energy et Novandi s\u2019attaquent \u00e0 la d\u00e9carbonation des activit\u00e9s logistiques \u00e0 Li\u00e8ge\"","og_url":"https:\/\/eoly-energy.com\/fr\/eoly-energy-novandi-decarbonation-activites-logistiques-liege\/","og_site_name":"Eoly","article_published_time":"2022-04-11T14:19:08+00:00","article_modified_time":"2022-09-19T14:47:14+00:00","og_image":[{"width":2048,"height":1152,"url":"https:\/\/eoly-energy.com\/wp-content\/uploads\/2022\/04\/DJI_0449-scaled.jpg","type":"image\/jpeg"}],"author":"Pauline","twitter_card":"summary_large_image","twitter_misc":{"\u00c9crit par":"Pauline","Dur\u00e9e de lecture estim\u00e9e":"5 minutes"},"schema":{"@context":"https:\/\/schema.org","@graph":[{"@type":"Article","@id":"https:\/\/eoly-energy.com\/fr\/eoly-energy-novandi-decarbonation-activites-logistiques-liege\/#article","isPartOf":{"@id":"https:\/\/eoly-energy.com\/fr\/eoly-energy-novandi-decarbonation-activites-logistiques-liege\/"},"author":{"name":"Pauline","@id":"https:\/\/eoly-energy.com\/fr\/#\/schema\/person\/f5c9f125782515219213282d36d2b7e9"},"headline":"Eoly Energy et Novandi s\u2019attaquent \u00e0 la d\u00e9carbonation des activit\u00e9s logistiques \u00e0 Li\u00e8ge","datePublished":"2022-04-11T14:19:08+00:00","dateModified":"2022-09-19T14:47:14+00:00","mainEntityOfPage":{"@id":"https:\/\/eoly-energy.com\/fr\/eoly-energy-novandi-decarbonation-activites-logistiques-liege\/"},"wordCount":881,"commentCount":0,"publisher":{"@id":"https:\/\/eoly-energy.com\/fr\/#organization"},"image":{"@id":"https:\/\/eoly-energy.com\/fr\/eoly-energy-novandi-decarbonation-activites-logistiques-liege\/#primaryimage"},"thumbnailUrl":"https:\/\/eoly-energy.com\/wp-content\/uploads\/2022\/04\/DJI_0449-scaled.jpg","keywords":["Hydrog\u00e8ne"],"articleSection":["Nouvelles"],"inLanguage":"fr-FR","potentialAction":[{"@type":"CommentAction","name":"Comment","target":["https:\/\/eoly-energy.com\/fr\/eoly-energy-novandi-decarbonation-activites-logistiques-liege\/#respond"]}]},{"@type":"WebPage","@id":"https:\/\/eoly-energy.com\/fr\/eoly-energy-novandi-decarbonation-activites-logistiques-liege\/","url":"https:\/\/eoly-energy.com\/fr\/eoly-energy-novandi-decarbonation-activites-logistiques-liege\/","name":"Eoly Energy et Novandi s\u2019attaquent \u00e0 la d\u00e9carbonation des activit\u00e9s logistiques \u00e0 Li\u00e8ge - Eoly","isPartOf":{"@id":"https:\/\/eoly-energy.com\/fr\/#website"},"primaryImageOfPage":{"@id":"https:\/\/eoly-energy.com\/fr\/eoly-energy-novandi-decarbonation-activites-logistiques-liege\/#primaryimage"},"image":{"@id":"https:\/\/eoly-energy.com\/fr\/eoly-energy-novandi-decarbonation-activites-logistiques-liege\/#primaryimage"},"thumbnailUrl":"https:\/\/eoly-energy.com\/wp-content\/uploads\/2022\/04\/DJI_0449-scaled.jpg","datePublished":"2022-04-11T14:19:08+00:00","dateModified":"2022-09-19T14:47:14+00:00","breadcrumb":{"@id":"https:\/\/eoly-energy.com\/fr\/eoly-energy-novandi-decarbonation-activites-logistiques-liege\/#breadcrumb"},"inLanguage":"fr-FR","potentialAction":[{"@type":"ReadAction","target":["https:\/\/eoly-energy.com\/fr\/eoly-energy-novandi-decarbonation-activites-logistiques-liege\/"]}]},{"@type":"ImageObject","inLanguage":"fr-FR","@id":"https:\/\/eoly-energy.com\/fr\/eoly-energy-novandi-decarbonation-activites-logistiques-liege\/#primaryimage","url":"https:\/\/eoly-energy.com\/wp-content\/uploads\/2022\/04\/DJI_0449-scaled.jpg","contentUrl":"https:\/\/eoly-energy.com\/wp-content\/uploads\/2022\/04\/DJI_0449-scaled.jpg","width":2048,"height":1152,"caption":"DCIM100MEDIADJI_0449.JPG"},{"@type":"BreadcrumbList","@id":"https:\/\/eoly-energy.com\/fr\/eoly-energy-novandi-decarbonation-activites-logistiques-liege\/#breadcrumb","itemListElement":[{"@type":"ListItem","position":1,"name":"Home","item":"https:\/\/eoly-energy.com\/fr\/"},{"@type":"ListItem","position":2,"name":"Eoly Energy et Novandi s\u2019attaquent \u00e0 la d\u00e9carbonation des activit\u00e9s logistiques \u00e0 Li\u00e8ge"}]},{"@type":"WebSite","@id":"https:\/\/eoly-energy.com\/fr\/#website","url":"https:\/\/eoly-energy.com\/fr\/","name":"Eoly","description":"Er waait een wind van verandering","publisher":{"@id":"https:\/\/eoly-energy.com\/fr\/#organization"},"potentialAction":[{"@type":"SearchAction","target":{"@type":"EntryPoint","urlTemplate":"https:\/\/eoly-energy.com\/fr\/?s={search_term_string}"},"query-input":{"@type":"PropertyValueSpecification","valueRequired":true,"valueName":"search_term_string"}}],"inLanguage":"fr-FR"},{"@type":"Organization","@id":"https:\/\/eoly-energy.com\/fr\/#organization","name":"Eoly","url":"https:\/\/eoly-energy.com\/fr\/","logo":{"@type":"ImageObject","inLanguage":"fr-FR","@id":"https:\/\/eoly-energy.com\/fr\/#\/schema\/logo\/image\/","url":"https:\/\/eoly-energy.com\/wp-content\/uploads\/2025\/01\/64a9e6bc-8e45-4738-a093-6e93c8bf16f0.png","contentUrl":"https:\/\/eoly-energy.com\/wp-content\/uploads\/2025\/01\/64a9e6bc-8e45-4738-a093-6e93c8bf16f0.png","width":1920,"height":490,"caption":"Eoly"},"image":{"@id":"https:\/\/eoly-energy.com\/fr\/#\/schema\/logo\/image\/"}},{"@type":"Person","@id":"https:\/\/eoly-energy.com\/fr\/#\/schema\/person\/f5c9f125782515219213282d36d2b7e9","name":"Pauline","image":{"@type":"ImageObject","inLanguage":"fr-FR","@id":"https:\/\/eoly-energy.com\/wp-content\/litespeed\/avatar\/95cdba552d426491bfa04cd728219685.jpg?ver=1777280134","url":"https:\/\/eoly-energy.com\/wp-content\/litespeed\/avatar\/95cdba552d426491bfa04cd728219685.jpg?ver=1777280134","contentUrl":"https:\/\/eoly-energy.com\/wp-content\/litespeed\/avatar\/95cdba552d426491bfa04cd728219685.jpg?ver=1777280134","caption":"Pauline"},"url":"https:\/\/eoly-energy.com\/fr\/author\/pauline\/"}]}},"_links":{"self":[{"href":"https:\/\/eoly-energy.com\/fr\/wp-json\/wp\/v2\/posts\/9170","targetHints":{"allow":["GET"]}}],"collection":[{"href":"https:\/\/eoly-energy.com\/fr\/wp-json\/wp\/v2\/posts"}],"about":[{"href":"https:\/\/eoly-energy.com\/fr\/wp-json\/wp\/v2\/types\/post"}],"author":[{"embeddable":true,"href":"https:\/\/eoly-energy.com\/fr\/wp-json\/wp\/v2\/users\/6"}],"replies":[{"embeddable":true,"href":"https:\/\/eoly-energy.com\/fr\/wp-json\/wp\/v2\/comments?post=9170"}],"version-history":[{"count":0,"href":"https:\/\/eoly-energy.com\/fr\/wp-json\/wp\/v2\/posts\/9170\/revisions"}],"wp:featuredmedia":[{"embeddable":true,"href":"https:\/\/eoly-energy.com\/fr\/wp-json\/wp\/v2\/media\/9176"}],"wp:attachment":[{"href":"https:\/\/eoly-energy.com\/fr\/wp-json\/wp\/v2\/media?parent=9170"}],"wp:term":[{"taxonomy":"category","embeddable":true,"href":"https:\/\/eoly-energy.com\/fr\/wp-json\/wp\/v2\/categories?post=9170"},{"taxonomy":"post_tag","embeddable":true,"href":"https:\/\/eoly-energy.com\/fr\/wp-json\/wp\/v2\/tags?post=9170"}],"curies":[{"name":"wp","href":"https:\/\/api.w.org\/{rel}","templated":true}]}}